{"id":708,"date":"2019-11-25T16:47:21","date_gmt":"2019-11-25T15:47:21","guid":{"rendered":"http:\/\/stowplm.pl\/?p=708"},"modified":"2019-11-25T16:51:15","modified_gmt":"2019-11-25T15:51:15","slug":"sprawozdanie-merytoryczne-z-dzialalnosci-za-rok-2018","status":"publish","type":"post","link":"http:\/\/stowplm.pl\/?p=708","title":{"rendered":"Sprawozdanie merytoryczne z dzia\u0142alno\u015bci za rok 2018"},"content":{"rendered":"\n<!--more-->\n\n\n\n<p style=\"text-align: justify;\">Zarz\u0105d Stowarzyszenia Absolwent\u00f3w i Sympatyk\u00f3w Liceum Muzycznego w Katowicach realizowa\u0142 w roku 2018 zadania w ramach kompetencji okre\u015blonych w Statucie Stowarzyszenia. Dzia\u0142alno\u015b\u0107 Zarz\u0105du w sk\u0142adzie: Ewa Miko\u0142ajczyk \u2013 prezes, Aleksandra \u017bem\u0142a \u2013 wiceprezes, Ma\u0142gorzata Komorowska \u2013 sekretarz, Aleksandra Maciejczyk \u2013 skarbnik, Marek Ciepierski \u2013 cz\u0142onek opiera\u0142a si\u0119 wy\u0142\u0105cznie na pracy spo\u0142ecznej cz\u0142onk\u00f3w. Wszelkie sprawy bie\u017c\u0105ce Zarz\u0105d omawia\u0142 na zebraniach, kt\u00f3rych w roku 2018 odby\u0142o si\u0119 7.<\/p>\n<p style=\"text-align: justify;\">W wyniku dzia\u0142a\u0144 skarbnika Aleksandry Maciejczyk nap\u0142ywa\u0142y sk\u0142adki cz\u0142onkowskie. Cz\u0119\u015b\u0107 cz\u0142onk\u00f3w Stowarzyszenia wybra\u0142a form\u0119 p\u0142atno\u015bci przelewem. Zarz\u0105d Stowarzyszenia wyra\u017ca serdeczne podzi\u0119kowania tym cz\u0142onkom, kt\u00f3rzy systematycznie i terminowo op\u0142acali swe sk\u0142adki. Niestety, ilo\u015b\u0107 zarejestrowanych cz\u0142onk\u00f3w Stowarzyszenia reguluj\u0105cych wp\u0142at\u0119 sk\u0142adki jest bardzo ma\u0142a.\u00a0<\/p>\n<p style=\"text-align: justify;\">W wyniku\u00a0 dzia\u0142a\u0144 zarz\u0105du w 2018 roku:<\/p>\n<ol>\n<li style=\"text-align: justify;\">Zgodnie z kilkuletni\u0105 tradycj\u0105, wypracowan\u0105 przez Prezes Ew\u0119 Miko\u0142ajczyk, przygotowano tzw. Pami\u0105tki prof. Kisieli\u0144skiej, wr\u0119czane dzieciom lub wnukom absolwent\u00f3w szko\u0142y w dniu rozdania \u015bwiadectw maturalnych. W bie\u017c\u0105cym roku Pami\u0105tk\u0119 otrzyma\u0142a absolwentka Justyna Mazurkiewicz.<\/li>\n<li style=\"text-align: justify;\">W roku szkolnym 2017\/2018 nie przyznano Nagrody w Konkursie im. Ireny Rymerowej z braku odpowiedniego kandydata.<\/li>\n<li style=\"text-align: justify;\">Nie przyznano tak\u017ce \u017cadnej nagrody w Konkursie Aktywno\u015bci Muzycznej organizowanym przez Stowarzyszenie, a przeznaczonym na udzia\u0142 w konkursach, koncertach i warsztatach dla szczeg\u00f3lnie uzdolnionych uczni\u00f3w szko\u0142y. Zakupiono natomiast nagrody ksi\u0105\u017ckowe na poczet organizowanych w\u00a0przysz\u0142o\u015bci konkurs\u00f3w.<\/li>\n<li style=\"text-align: justify;\">Na Koncercie podczas Gali Jubileuszowej 20.01.2018r. z dobroczynno\u015bci spo\u0142ecznej pozyskano \u015brodki finansowe na cele statutowe Stowarzyszenia Cz\u0142onkowie stowarzyszenia zaanga\u017cowani byli tak\u017ce w promocj\u0119 szko\u0142y zorganizowan\u0105 z okazji Dnia Otwartego Szko\u0142y po\u0142\u0105czonego z koncertem klas I i II.<\/li>\n<li style=\"text-align: justify;\">Zarz\u0105d Stowarzyszenia zrealizowa\u0142 zaplanowane szczeg\u00f3\u0142owo Spotkanie Absolwent\u00f3w z okazji Gali Jubileuszu 80-lecia dzia\u0142alno\u015bci POSM II st. im. K. Szymanowskiego. W \u201ebalu Absolwent\u00f3w\u201d odbywaj\u0105cym si\u0119 w foyer NOSPR udzia\u0142 wzi\u0119\u0142o ok. 200 os\u00f3b \u2013 absolwent\u00f3w, nauczycieli i sympatyk\u00f3w szko\u0142y. Obs\u0142ug\u0119 gastronomiczn\u0105 zapewni\u0142a restauracja Cadenza, a wspania\u0142\u0105 atmosfer\u0119 balu zawdzi\u0119czali\u015bmy zespo\u0142owi Quiet Quartet. W trakcie trwania spotkania, jak i\u00a0bezpo\u015brednio po nim, cz\u0142onkowie Zarz\u0105du otrzymali wiele podzi\u0119kowa\u0144, gratulacji i\u00a0mi\u0142ych s\u0142\u00f3w w zwi\u0105zku ze znakomit\u0105 organizacj\u0105 balu, a tak\u017ce wyborem miejsca, menu i muzyki towarzysz\u0105cej temu wieczorowi wspomnie\u0144.<\/li>\n<li style=\"text-align: justify;\">Stowarzyszenie by\u0142o wsp\u00f3\u0142organizatorem Koncertu prawykona\u0144 III Mi\u0119dzynarodowego Konkursu Kompozytorskiego PATRI PATRIAE 2018, kt\u00f3ry odby\u0142 si\u0119 20.04.2018 r. Zawarto umowy z sz\u00f3stk\u0105 wykonawc\u00f3w koncertu.<\/li>\n<li style=\"text-align: justify;\">Stowarzyszenie z\u0142o\u017cy\u0142o do urz\u0119du Miasta Katowice wniosek, o wsparcie organizowanego przez Szko\u0142\u0119 III Og\u00f3lnopolskiego Konkursu Pianistycznego im. Anny Weso\u0142owskiej i Haliny Weso\u0142owskiej-Madetko, jednak konkurs nie odby\u0142 si\u0119 z\u00a0powodu braku zg\u0142osze\u0144 uczestnik\u00f3w. By\u0142o to prawdopodobnie spowodowane terminem przes\u0142ucha\u0144 CEA dla pianist\u00f3w, kt\u00f3ry pokrywa\u0142 si\u0119 z\u00a0datami organizacji konkursu.<\/li>\n<li style=\"text-align: justify;\">We wsp\u00f3\u0142pracy z dyrekcj\u0105 szko\u0142y wyst\u0105pili\u015bmy do Urz\u0119du Miasta o\u00a0dofinansowanie Sympozjum pt. &#8222;Karol Szymanowski &#8211; nowym muzycznym patronem Katowic&#8221;. Otrzymana na ten cel dotacj\u0119 przeznaczono na honoraria tr\u00f3jki wyk\u0142adowc\u00f3w oraz nagrod\u0119 w konkursie wiedzy o Karolu Szymanowskim i\u00a0organizowanym przez Akademi\u0119 Muzyczn\u0105 w Katowicach Pierwszym Konkursie im. K. Szymanowskiego.<\/li>\n<li style=\"text-align: justify;\">Z okazji Jubileuszu 50-lecia pracy pedagogicznej prof. Kazimierza Pamu\u0142y Stowarzyszenie wyst\u0105pi\u0142o z wnioskiem o finansowanie zam\u00f3wienia kompozytorskiego (Zadanie publiczne \u2013 Fundusze Zarz\u0105du Wojew\u00f3dztwa \u015al\u0105skiego) na utw\u00f3r dedykowany temu wieloletniemu pedagogowi waltorni i\u00a0kierownikowi Sekcji Instrument\u00f3w D\u0119tych i Perkusji. Przyznana dotacja pokry\u0142a koszt kompozycji Piotra Prud\u0142o o pt. \u201eCalling Memories\u201d na maksimum waltorni. Dzie\u0142o wykona\u0142a grupa waltornist\u00f3w na uroczystym koncercie 13 czerwca 2018r.<\/li>\n<li style=\"text-align: justify;\">Zarz\u0105d dostosowa\u0142 si\u0119 do najnowszych przepis\u00f3w o ochronie danych osobowych i\u00a0sporz\u0105dzono odpowiedni\u0105 klauzul\u0119 umieszczon\u0105 na stronie www Stowarzyszenia.<\/li>\n<\/ol>\n<p style=\"text-align: justify;\">W 2018 roku przychody Stowarzyszenia pochodzi\u0142y ze sk\u0142adek cz\u0142onkowskich, \u015brodk\u00f3w finansowych otrzymanych dzi\u0119ki ofiarno\u015bci spo\u0142ecznej, w\u00a0drodze dotacji (granty) lub darowizn oraz pobierania cz\u0119\u015bciowej odp\u0142atno\u015bci za niekt\u00f3re statutowe dzia\u0142ania Stowarzyszenia, jak r\u00f3wnie\u017c odsetek od \u015brodk\u00f3w na rachunku bankowym.<\/p>\n<p style=\"text-align: justify;\">\u00a0\u00a0\u00a0\u00a0\u00a0\u00a0\u00a0\u00a0\u00a0\u00a0\u00a0 Na koszty Stowarzyszenia w 2018 roku sk\u0142ada\u0142y si\u0119: koszty realizacji zada\u0144 statutowych, m. in. ufundowane w ramach Konkursu Aktywno\u015bci Muzycznej nagrody dla uczni\u00f3w szko\u0142y, wydatki poniesione w\u00a0zwi\u0105zku ze wsp\u00f3\u0142organizowaniem przez Stowarzyszenie koncert\u00f3w (<em>Jubileusz Felicji Bieganek, Kazimierza Pamu\u0142y, Koncert Inauguracyjny Patri Patriae 2018), <\/em>warsztat\u00f3w <em>(Dzie\u0144 Skrzypiec) <\/em>oraz sympozjum i\u00a0konkurs\u00f3w; a tak\u017ce koszty administracyjne tj. koszty materia\u0142\u00f3w biurowych, us\u0142ug telekomunikacyjnych, informatycznych, ksi\u0119gowych oraz op\u0142at bankowych lub\u00a0 administracyjnych. By\u0142y one wyceniane wg cen zakupu oraz kwot zap\u0142aconych.\u00a0\u00a0\u00a0\u00a0\u00a0\u00a0\u00a0\u00a0\u00a0\u00a0\u00a0<\/p>\n<p>\u00a0\u00a0\u00a0\u00a0\u00a0\u00a0\u00a0\u00a0\u00a0\u00a0\u00a0 Integraln\u0105 cz\u0119\u015b\u0107 sprawozdania stanowi za\u0142\u0105cznik dot. sprawozdania finansowego za rok 2018.<\/p>\n<p style=\"text-align: justify;\">\u00a0\u00a0\u00a0\u00a0\u00a0\u00a0\u00a0\u00a0\u00a0\u00a0\u00a0 Sprawozdanie zosta\u0142o przedstawione przez Prezesa Ew\u0119 Miko\u0142ajczyk <br \/>w dniu 15 marca 2019 r. na Walnym Zebraniu Cz\u0142onk\u00f3w Stowarzyszenia Absolwent\u00f3w i Sympatyk\u00f3w Liceum Muzycznego w Katowicach i przyj\u0119te przez cz\u0142onk\u00f3w Stowarzyszenia, kt\u00f3rzy udzielili Zarz\u0105dowi absolutorium.<\/p>\n<p>\u00a0<\/p>\n<p>Ewa Miko\u0142ajczyk<br \/>Prezes SAiSLM<\/p>\n\n\n\n<div class=\"wp-block-file\"><a href=\"http:\/\/stowplm.pl\/wp-content\/uploads\/2019\/11\/Sprawozdanie-merytoryczne-2018-www.pdf\" target=\"_blank\" rel=\"noreferrer noopener\">Sprawozdanie-merytoryczne-2018-www<\/a><a href=\"http:\/\/stowplm.pl\/wp-content\/uploads\/2019\/11\/Sprawozdanie-merytoryczne-2018-www.pdf\" class=\"wp-block-file__button\" download>Pobierz<\/a><\/div>\n\n\n","protected":false},"excerpt":{"rendered":"","protected":false},"author":1,"featured_media":0,"comment_status":"closed","ping_status":"closed","sticky":false,"template":"","format":"standard","meta":{"footnotes":""},"categories":[6],"tags":[],"class_list":["post-708","post","type-post","status-publish","format-standard","hentry","category-sprawozdania"],"_links":{"self":[{"href":"http:\/\/stowplm.pl\/index.php?rest_route=\/wp\/v2\/posts\/708","targetHints":{"allow":["GET"]}}],"collection":[{"href":"http:\/\/stowplm.pl\/index.php?rest_route=\/wp\/v2\/posts"}],"about":[{"href":"http:\/\/stowplm.pl\/index.php?rest_route=\/wp\/v2\/types\/post"}],"author":[{"embeddable":true,"href":"http:\/\/stowplm.pl\/index.php?rest_route=\/wp\/v2\/users\/1"}],"replies":[{"embeddable":true,"href":"http:\/\/stowplm.pl\/index.php?rest_route=%2Fwp%2Fv2%2Fcomments&post=708"}],"version-history":[{"count":4,"href":"http:\/\/stowplm.pl\/index.php?rest_route=\/wp\/v2\/posts\/708\/revisions"}],"predecessor-version":[{"id":713,"href":"http:\/\/stowplm.pl\/index.php?rest_route=\/wp\/v2\/posts\/708\/revisions\/713"}],"wp:attachment":[{"href":"http:\/\/stowplm.pl\/index.php?rest_route=%2Fwp%2Fv2%2Fmedia&parent=708"}],"wp:term":[{"taxonomy":"category","embeddable":true,"href":"http:\/\/stowplm.pl\/index.php?rest_route=%2Fwp%2Fv2%2Fcategories&post=708"},{"taxonomy":"post_tag","embeddable":true,"href":"http:\/\/stowplm.pl\/index.php?rest_route=%2Fwp%2Fv2%2Ftags&post=708"}],"curies":[{"name":"wp","href":"https:\/\/api.w.org\/{rel}","templated":true}]}}